{"@context":"https:\/\/schema.org\/","@type":"CollectionPage","@id":"https:\/\/www.selena.sk\/produkty\/#CollectionPage","headline":"Produkty Category","description":"","url":"https:\/\/www.selena.sk\/produkty\/","hasPart":[{"@type":"Article","@id":"https:\/\/www.selena.sk\/jesenne-vychytavky-vyskusajte-olejovy-parfem-na-pranie\/","headline":"Jesenn\u00e9 vychyt\u00e1vky: Vysk\u00fa\u0161ajte olejov\u00fd parf\u00e9m na pranie","url":"https:\/\/www.selena.sk\/jesenne-vychytavky-vyskusajte-olejovy-parfem-na-pranie\/","datePublished":"2025-09-13","dateModified":"2025-09-13","mainEntityOfPage":"https:\/\/www.selena.sk\/jesenne-vychytavky-vyskusajte-olejovy-parfem-na-pranie\/","author":{"@type":"Person","@id":"https:\/\/www.selena.sk\/author\/#Person","name":"","url":"https:\/\/www.selena.sk\/author\/","identifier":1,"image":{"@type":"ImageObject","@id":"https:\/\/secure.gravatar.com\/avatar\/774cfd57496a9f02284489749b4229073861faca9d8a66df7d65507a77c5d31f?s=96&d=mm&r=g","url":"https:\/\/secure.gravatar.com\/avatar\/774cfd57496a9f02284489749b4229073861faca9d8a66df7d65507a77c5d31f?s=96&d=mm&r=g","height":96,"width":96}},"publisher":{"@type":"Organization","name":"selena.sk","logo":{"@type":"ImageObject","@id":"\/logo.png","url":"\/logo.png","width":600,"height":60}},"image":{"@type":"ImageObject","@id":"https:\/\/www.selena.sk\/wp-content\/uploads\/elisir_di_ylang_1_BS8cn7.jpg","url":"https:\/\/www.selena.sk\/wp-content\/uploads\/elisir_di_ylang_1_BS8cn7.jpg","height":0,"width":0},"keywords":null},{"@type":"Article","@id":"https:\/\/www.selena.sk\/ako-docielit-vianocnu-atmosferu-nech-ste-kdekolvek\/","headline":"Ako docieli\u0165 viano\u010dn\u00fa atmosf\u00e9ru, nech ste kdeko\u013evek","url":"https:\/\/www.selena.sk\/ako-docielit-vianocnu-atmosferu-nech-ste-kdekolvek\/","datePublished":"2025-08-16","dateModified":"2025-08-16","mainEntityOfPage":"https:\/\/www.selena.sk\/ako-docielit-vianocnu-atmosferu-nech-ste-kdekolvek\/","author":{"@type":"Person","@id":"https:\/\/www.selena.sk\/author\/#Person","name":"","url":"https:\/\/www.selena.sk\/author\/","identifier":1,"image":{"@type":"ImageObject","@id":"https:\/\/secure.gravatar.com\/avatar\/774cfd57496a9f02284489749b4229073861faca9d8a66df7d65507a77c5d31f?s=96&d=mm&r=g","url":"https:\/\/secure.gravatar.com\/avatar\/774cfd57496a9f02284489749b4229073861faca9d8a66df7d65507a77c5d31f?s=96&d=mm&r=g","height":96,"width":96}},"publisher":{"@type":"Organization","name":"selena.sk","logo":{"@type":"ImageObject","@id":"\/logo.png","url":"\/logo.png","width":600,"height":60}},"image":{"@type":"ImageObject","@id":"https:\/\/www.selena.sk\/wp-content\/uploads\/IMG_0234.jpeg","url":"https:\/\/www.selena.sk\/wp-content\/uploads\/IMG_0234.jpeg","height":0,"width":0},"keywords":null},{"@type":"Article","@id":"https:\/\/www.selena.sk\/ozdobte-svoj-stromcek-svetielkami-ktore-dodaju-vianociam-tu-spravnu-iskru\/","headline":"Ozdobte svoj strom\u010dek svetielkami, ktor\u00e9 dodaj\u00fa Vianociam tu spr\u00e1vnu iskru!","url":"https:\/\/www.selena.sk\/ozdobte-svoj-stromcek-svetielkami-ktore-dodaju-vianociam-tu-spravnu-iskru\/","datePublished":"2025-08-03","dateModified":"2025-08-03","mainEntityOfPage":"https:\/\/www.selena.sk\/ozdobte-svoj-stromcek-svetielkami-ktore-dodaju-vianociam-tu-spravnu-iskru\/","author":{"@type":"Person","@id":"https:\/\/www.selena.sk\/author\/#Person","name":"","url":"https:\/\/www.selena.sk\/author\/","identifier":1,"image":{"@type":"ImageObject","@id":"https:\/\/secure.gravatar.com\/avatar\/774cfd57496a9f02284489749b4229073861faca9d8a66df7d65507a77c5d31f?s=96&d=mm&r=g","url":"https:\/\/secure.gravatar.com\/avatar\/774cfd57496a9f02284489749b4229073861faca9d8a66df7d65507a77c5d31f?s=96&d=mm&r=g","height":96,"width":96}},"publisher":{"@type":"Organization","name":"selena.sk","logo":{"@type":"ImageObject","@id":"\/logo.png","url":"\/logo.png","width":600,"height":60}},"image":{"@type":"ImageObject","@id":"https:\/\/www.selena.sk\/wp-content\/uploads\/unnamed-4_6.jpg","url":"https:\/\/www.selena.sk\/wp-content\/uploads\/unnamed-4_6.jpg","height":0,"width":0},"keywords":null},{"@type":"Article","@id":"https:\/\/www.selena.sk\/prekrytie-bazenu\/","headline":"Prekrytie baz\u00e9nu","url":"https:\/\/www.selena.sk\/prekrytie-bazenu\/","datePublished":"2025-06-09","dateModified":"2025-06-09","mainEntityOfPage":"https:\/\/www.selena.sk\/prekrytie-bazenu\/","author":{"@type":"Person","@id":"https:\/\/www.selena.sk\/author\/#Person","name":"","url":"https:\/\/www.selena.sk\/author\/","identifier":1,"image":{"@type":"ImageObject","@id":"https:\/\/secure.gravatar.com\/avatar\/774cfd57496a9f02284489749b4229073861faca9d8a66df7d65507a77c5d31f?s=96&d=mm&r=g","url":"https:\/\/secure.gravatar.com\/avatar\/774cfd57496a9f02284489749b4229073861faca9d8a66df7d65507a77c5d31f?s=96&d=mm&r=g","height":96,"width":96}},"publisher":{"@type":"Organization","name":"selena.sk","logo":{"@type":"ImageObject","@id":"\/logo.png","url":"\/logo.png","width":600,"height":60}},"image":{"@type":"ImageObject","@id":"https:\/\/www.selena.sk\/wp-content\/uploads\/pexels-jsalamanca-61129%20(3).jpg","url":"https:\/\/www.selena.sk\/wp-content\/uploads\/pexels-jsalamanca-61129%20(3).jpg","height":0,"width":0},"keywords":null},{"@type":"Article","@id":"https:\/\/www.selena.sk\/klucenky-ktore-potesia\/","headline":"K\u013e\u00fa\u010denky, ktor\u00e9 pote\u0161ia","url":"https:\/\/www.selena.sk\/klucenky-ktore-potesia\/","datePublished":"2025-06-06","dateModified":"2025-06-06","mainEntityOfPage":"https:\/\/www.selena.sk\/klucenky-ktore-potesia\/","author":{"@type":"Person","@id":"https:\/\/www.selena.sk\/author\/#Person","name":"","url":"https:\/\/www.selena.sk\/author\/","identifier":1,"image":{"@type":"ImageObject","@id":"https:\/\/secure.gravatar.com\/avatar\/774cfd57496a9f02284489749b4229073861faca9d8a66df7d65507a77c5d31f?s=96&d=mm&r=g","url":"https:\/\/secure.gravatar.com\/avatar\/774cfd57496a9f02284489749b4229073861faca9d8a66df7d65507a77c5d31f?s=96&d=mm&r=g","height":96,"width":96}},"publisher":{"@type":"Organization","name":"selena.sk","logo":{"@type":"ImageObject","@id":"\/logo.png","url":"\/logo.png","width":600,"height":60}},"image":{"@type":"ImageObject","@id":"https:\/\/www.selena.sk\/wp-content\/uploads\/keychains-7189117_640.jpg","url":"https:\/\/www.selena.sk\/wp-content\/uploads\/keychains-7189117_640.jpg","height":0,"width":0},"keywords":null},{"@type":"Article","@id":"https:\/\/www.selena.sk\/ake-moznosti-dezinfekcie-vody-mate\/","headline":"Ak\u00e9 mo\u017enosti dezinfekcie vody m\u00e1te?","url":"https:\/\/www.selena.sk\/ake-moznosti-dezinfekcie-vody-mate\/","datePublished":"2025-04-02","dateModified":"2025-04-02","mainEntityOfPage":"https:\/\/www.selena.sk\/ake-moznosti-dezinfekcie-vody-mate\/","author":{"@type":"Person","@id":"https:\/\/www.selena.sk\/author\/#Person","name":"","url":"https:\/\/www.selena.sk\/author\/","identifier":1,"image":{"@type":"ImageObject","@id":"https:\/\/secure.gravatar.com\/avatar\/774cfd57496a9f02284489749b4229073861faca9d8a66df7d65507a77c5d31f?s=96&d=mm&r=g","url":"https:\/\/secure.gravatar.com\/avatar\/774cfd57496a9f02284489749b4229073861faca9d8a66df7d65507a77c5d31f?s=96&d=mm&r=g","height":96,"width":96}},"publisher":{"@type":"Organization","name":"selena.sk","logo":{"@type":"ImageObject","@id":"\/logo.png","url":"\/logo.png","width":600,"height":60}},"image":{"@type":"ImageObject","@id":"https:\/\/www.selena.sk\/wp-content\/uploads\/bath-20480_640_1.jpg","url":"https:\/\/www.selena.sk\/wp-content\/uploads\/bath-20480_640_1.jpg","height":0,"width":0},"keywords":null},{"@type":"Article","@id":"https:\/\/www.selena.sk\/vykurovanie-modernou-technologiou\/","headline":"Vykurovanie modernou technol\u00f3giou","url":"https:\/\/www.selena.sk\/vykurovanie-modernou-technologiou\/","datePublished":"2025-03-15","dateModified":"2025-03-15","mainEntityOfPage":"https:\/\/www.selena.sk\/vykurovanie-modernou-technologiou\/","author":{"@type":"Person","@id":"https:\/\/www.selena.sk\/author\/#Person","name":"","url":"https:\/\/www.selena.sk\/author\/","identifier":1,"image":{"@type":"ImageObject","@id":"https:\/\/secure.gravatar.com\/avatar\/774cfd57496a9f02284489749b4229073861faca9d8a66df7d65507a77c5d31f?s=96&d=mm&r=g","url":"https:\/\/secure.gravatar.com\/avatar\/774cfd57496a9f02284489749b4229073861faca9d8a66df7d65507a77c5d31f?s=96&d=mm&r=g","height":96,"width":96}},"publisher":{"@type":"Organization","name":"selena.sk","logo":{"@type":"ImageObject","@id":"\/logo.png","url":"\/logo.png","width":600,"height":60}},"image":{"@type":"ImageObject","@id":"https:\/\/www.selena.sk\/wp-content\/uploads\/photovoltaic-system-2742302_640.jpg","url":"https:\/\/www.selena.sk\/wp-content\/uploads\/photovoltaic-system-2742302_640.jpg","height":0,"width":0},"keywords":null},{"@type":"Article","@id":"https:\/\/www.selena.sk\/vyzdobte-si-led-retazami-exterier\/","headline":"Vyzdobte si led re\u0165azami exteri\u00e9r","url":"https:\/\/www.selena.sk\/vyzdobte-si-led-retazami-exterier\/","datePublished":"2025-03-11","dateModified":"2025-03-11","mainEntityOfPage":"https:\/\/www.selena.sk\/vyzdobte-si-led-retazami-exterier\/","author":{"@type":"Person","@id":"https:\/\/www.selena.sk\/author\/#Person","name":"","url":"https:\/\/www.selena.sk\/author\/","identifier":1,"image":{"@type":"ImageObject","@id":"https:\/\/secure.gravatar.com\/avatar\/774cfd57496a9f02284489749b4229073861faca9d8a66df7d65507a77c5d31f?s=96&d=mm&r=g","url":"https:\/\/secure.gravatar.com\/avatar\/774cfd57496a9f02284489749b4229073861faca9d8a66df7d65507a77c5d31f?s=96&d=mm&r=g","height":96,"width":96}},"publisher":{"@type":"Organization","name":"selena.sk","logo":{"@type":"ImageObject","@id":"\/logo.png","url":"\/logo.png","width":600,"height":60}},"image":{"@type":"ImageObject","@id":"https:\/\/www.selena.sk\/wp-content\/uploads\/christmas-2971961_640_1.jpg","url":"https:\/\/www.selena.sk\/wp-content\/uploads\/christmas-2971961_640_1.jpg","height":0,"width":0},"keywords":null},{"@type":"Article","@id":"https:\/\/www.selena.sk\/svetla-v-interieri\/","headline":"Svetl\u00e1 v interi\u00e9ri","url":"https:\/\/www.selena.sk\/svetla-v-interieri\/","datePublished":"2025-02-04","dateModified":"2025-02-04","mainEntityOfPage":"https:\/\/www.selena.sk\/svetla-v-interieri\/","author":{"@type":"Person","@id":"https:\/\/www.selena.sk\/author\/#Person","name":"","url":"https:\/\/www.selena.sk\/author\/","identifier":1,"image":{"@type":"ImageObject","@id":"https:\/\/secure.gravatar.com\/avatar\/774cfd57496a9f02284489749b4229073861faca9d8a66df7d65507a77c5d31f?s=96&d=mm&r=g","url":"https:\/\/secure.gravatar.com\/avatar\/774cfd57496a9f02284489749b4229073861faca9d8a66df7d65507a77c5d31f?s=96&d=mm&r=g","height":96,"width":96}},"publisher":{"@type":"Organization","name":"selena.sk","logo":{"@type":"ImageObject","@id":"\/logo.png","url":"\/logo.png","width":600,"height":60}},"image":{"@type":"ImageObject","@id":"https:\/\/www.selena.sk\/wp-content\/uploads\/interior-3819512_640_1.jpg","url":"https:\/\/www.selena.sk\/wp-content\/uploads\/interior-3819512_640_1.jpg","height":0,"width":0},"keywords":null},{"@type":"Article","@id":"https:\/\/www.selena.sk\/zula-ako-stavebny-material\/","headline":"\u017dula ako stavebn\u00fd materi\u00e1l","url":"https:\/\/www.selena.sk\/zula-ako-stavebny-material\/","datePublished":"2025-02-03","dateModified":"2025-02-03","mainEntityOfPage":"https:\/\/www.selena.sk\/zula-ako-stavebny-material\/","author":{"@type":"Person","@id":"https:\/\/www.selena.sk\/author\/#Person","name":"","url":"https:\/\/www.selena.sk\/author\/","identifier":1,"image":{"@type":"ImageObject","@id":"https:\/\/secure.gravatar.com\/avatar\/774cfd57496a9f02284489749b4229073861faca9d8a66df7d65507a77c5d31f?s=96&d=mm&r=g","url":"https:\/\/secure.gravatar.com\/avatar\/774cfd57496a9f02284489749b4229073861faca9d8a66df7d65507a77c5d31f?s=96&d=mm&r=g","height":96,"width":96}},"publisher":{"@type":"Organization","name":"selena.sk","logo":{"@type":"ImageObject","@id":"\/logo.png","url":"\/logo.png","width":600,"height":60}},"image":{"@type":"ImageObject","@id":"https:\/\/www.selena.sk\/wp-content\/uploads\/pexels-curtis-adams-1694007-10827401.jpg","url":"https:\/\/www.selena.sk\/wp-content\/uploads\/pexels-curtis-adams-1694007-10827401.jpg","height":0,"width":0},"keywords":null}]}