[{"@context":"https:\/\/schema.org\/","@type":"Blog","@id":"https:\/\/www.selena.sk#Blog","headline":"Selena","description":"\nOdha\u013eujeme t\u00e9my, ktor\u00e9 o ktor\u00fdch s in\u00fdm nechce rozpr\u00e1va\u0165. Na na\u0161om webe n\u00e1jdete pikantnosti, v\u00e1\u017enu tematiku aj oddychov\u00e9 pr\u00edbehy norm\u00e1lnych \u013eud\u00ed.","url":"https:\/\/www.selena.sk","hasPart":[{"@type":"Article","@id":"https:\/\/www.selena.sk\/sex-spolocnicky-a-zlozvyky-ktore-zakaznici-nemusia\/","headline":"Sex spolo\u010dn\u00ed\u010dky a zlozvyky, ktor\u00e9 z\u00e1kazn\u00edci nemusia","url":"https:\/\/www.selena.sk\/sex-spolocnicky-a-zlozvyky-ktore-zakaznici-nemusia\/","datePublished":"2020-01-10","dateModified":"2020-01-10","mainEntityOfPage":"https:\/\/www.selena.sk\/sex-spolocnicky-a-zlozvyky-ktore-zakaznici-nemusia\/","author":{"@type":"Person","@id":"https:\/\/www.selena.sk\/author\/#Person","name":"","url":"https:\/\/www.selena.sk\/author\/","identifier":1,"image":{"@type":"ImageObject","@id":"https:\/\/secure.gravatar.com\/avatar\/774cfd57496a9f02284489749b4229073861faca9d8a66df7d65507a77c5d31f?s=96&d=mm&r=g","url":"https:\/\/secure.gravatar.com\/avatar\/774cfd57496a9f02284489749b4229073861faca9d8a66df7d65507a77c5d31f?s=96&d=mm&r=g","height":96,"width":96}},"publisher":{"@type":"Organization","name":"selena.sk","logo":{"@type":"ImageObject","@id":"\/logo.png","url":"\/logo.png","width":600,"height":60}},"image":{"@type":"ImageObject","@id":"https:\/\/www.selena.sk\/wp-content\/uploads\/img_a311211_w16622_t1586244036.jpg","url":"https:\/\/www.selena.sk\/wp-content\/uploads\/img_a311211_w16622_t1586244036.jpg","height":0,"width":0},"wordCount":583,"keywords":null},{"@type":"Article","@id":"https:\/\/www.selena.sk\/optimalny-pohyb\/","headline":"Optim\u00e1lny pohyb","url":"https:\/\/www.selena.sk\/optimalny-pohyb\/","datePublished":"2019-11-13","dateModified":"2019-11-13","mainEntityOfPage":"https:\/\/www.selena.sk\/optimalny-pohyb\/","author":{"@type":"Person","@id":"https:\/\/www.selena.sk\/author\/#Person","name":"","url":"https:\/\/www.selena.sk\/author\/","identifier":1,"image":{"@type":"ImageObject","@id":"https:\/\/secure.gravatar.com\/avatar\/774cfd57496a9f02284489749b4229073861faca9d8a66df7d65507a77c5d31f?s=96&d=mm&r=g","url":"https:\/\/secure.gravatar.com\/avatar\/774cfd57496a9f02284489749b4229073861faca9d8a66df7d65507a77c5d31f?s=96&d=mm&r=g","height":96,"width":96}},"publisher":{"@type":"Organization","name":"selena.sk","logo":{"@type":"ImageObject","@id":"\/logo.png","url":"\/logo.png","width":600,"height":60}},"image":{"@type":"ImageObject","@id":"https:\/\/www.selena.sk\/wp-content\/uploads\/img_a302402_w16780_t1561392624.jpg","url":"https:\/\/www.selena.sk\/wp-content\/uploads\/img_a302402_w16780_t1561392624.jpg","height":0,"width":0},"wordCount":513,"keywords":null},{"@type":"Article","@id":"https:\/\/www.selena.sk\/chcem-byt-krasna-ale-nechce-sa-mi\/","headline":"Chcem by\u0165 kr\u00e1sna, ale nechce sa mi","url":"https:\/\/www.selena.sk\/chcem-byt-krasna-ale-nechce-sa-mi\/","datePublished":"2019-09-12","dateModified":"2019-09-12","mainEntityOfPage":"https:\/\/www.selena.sk\/chcem-byt-krasna-ale-nechce-sa-mi\/","author":{"@type":"Person","@id":"https:\/\/www.selena.sk\/author\/#Person","name":"","url":"https:\/\/www.selena.sk\/author\/","identifier":1,"image":{"@type":"ImageObject","@id":"https:\/\/secure.gravatar.com\/avatar\/774cfd57496a9f02284489749b4229073861faca9d8a66df7d65507a77c5d31f?s=96&d=mm&r=g","url":"https:\/\/secure.gravatar.com\/avatar\/774cfd57496a9f02284489749b4229073861faca9d8a66df7d65507a77c5d31f?s=96&d=mm&r=g","height":96,"width":96}},"publisher":{"@type":"Organization","name":"selena.sk","logo":{"@type":"ImageObject","@id":"\/logo.png","url":"\/logo.png","width":600,"height":60}},"image":{"@type":"ImageObject","@id":"https:\/\/www.selena.sk\/wp-content\/uploads\/img_a306678_w16728_t1569163277.jpg","url":"https:\/\/www.selena.sk\/wp-content\/uploads\/img_a306678_w16728_t1569163277.jpg","height":0,"width":0},"wordCount":496,"keywords":null},{"@type":"Article","@id":"https:\/\/www.selena.sk\/moze-si-brat-so-sestrou-dobre-rozumiet\/","headline":"M\u00f4\u017ee si brat so sestrou dobre rozumie\u0165?","url":"https:\/\/www.selena.sk\/moze-si-brat-so-sestrou-dobre-rozumiet\/","datePublished":"2019-07-06","dateModified":"2019-07-06","mainEntityOfPage":"https:\/\/www.selena.sk\/moze-si-brat-so-sestrou-dobre-rozumiet\/","author":{"@type":"Person","@id":"https:\/\/www.selena.sk\/author\/#Person","name":"","url":"https:\/\/www.selena.sk\/author\/","identifier":1,"image":{"@type":"ImageObject","@id":"https:\/\/secure.gravatar.com\/avatar\/774cfd57496a9f02284489749b4229073861faca9d8a66df7d65507a77c5d31f?s=96&d=mm&r=g","url":"https:\/\/secure.gravatar.com\/avatar\/774cfd57496a9f02284489749b4229073861faca9d8a66df7d65507a77c5d31f?s=96&d=mm&r=g","height":96,"width":96}},"publisher":{"@type":"Organization","name":"selena.sk","logo":{"@type":"ImageObject","@id":"\/logo.png","url":"\/logo.png","width":600,"height":60}},"image":{"@type":"ImageObject","@id":"https:\/\/www.selena.sk\/wp-content\/uploads\/img_a303661_w16501_t1564177684.jpg","url":"https:\/\/www.selena.sk\/wp-content\/uploads\/img_a303661_w16501_t1564177684.jpg","height":0,"width":0},"wordCount":481,"keywords":null},{"@type":"Article","@id":"https:\/\/www.selena.sk\/vsetko-najlepsie\/","headline":"V\u0161etko najlep\u0161ie!","url":"https:\/\/www.selena.sk\/vsetko-najlepsie\/","datePublished":"2019-05-25","dateModified":"2019-05-25","mainEntityOfPage":"https:\/\/www.selena.sk\/vsetko-najlepsie\/","author":{"@type":"Person","@id":"https:\/\/www.selena.sk\/author\/#Person","name":"","url":"https:\/\/www.selena.sk\/author\/","identifier":1,"image":{"@type":"ImageObject","@id":"https:\/\/secure.gravatar.com\/avatar\/774cfd57496a9f02284489749b4229073861faca9d8a66df7d65507a77c5d31f?s=96&d=mm&r=g","url":"https:\/\/secure.gravatar.com\/avatar\/774cfd57496a9f02284489749b4229073861faca9d8a66df7d65507a77c5d31f?s=96&d=mm&r=g","height":96,"width":96}},"publisher":{"@type":"Organization","name":"selena.sk","logo":{"@type":"ImageObject","@id":"\/logo.png","url":"\/logo.png","width":600,"height":60}},"image":{"@type":"ImageObject","@id":"https:\/\/www.selena.sk\/wp-content\/uploads\/img_a302251_w16600_t1561048042.jpg","url":"https:\/\/www.selena.sk\/wp-content\/uploads\/img_a302251_w16600_t1561048042.jpg","height":0,"width":0},"wordCount":504,"keywords":null},{"@type":"Article","@id":"https:\/\/www.selena.sk\/historia-a-vyvin-filmovej-tvorby\/","headline":"Hist\u00f3ria a v\u00fdvin filmovej tvorby","url":"https:\/\/www.selena.sk\/historia-a-vyvin-filmovej-tvorby\/","datePublished":"2018-12-24","dateModified":"2018-12-24","mainEntityOfPage":"https:\/\/www.selena.sk\/historia-a-vyvin-filmovej-tvorby\/","author":{"@type":"Person","@id":"https:\/\/www.selena.sk\/author\/#Person","name":"","url":"https:\/\/www.selena.sk\/author\/","identifier":1,"image":{"@type":"ImageObject","@id":"https:\/\/secure.gravatar.com\/avatar\/774cfd57496a9f02284489749b4229073861faca9d8a66df7d65507a77c5d31f?s=96&d=mm&r=g","url":"https:\/\/secure.gravatar.com\/avatar\/774cfd57496a9f02284489749b4229073861faca9d8a66df7d65507a77c5d31f?s=96&d=mm&r=g","height":96,"width":96}},"publisher":{"@type":"Organization","name":"selena.sk","logo":{"@type":"ImageObject","@id":"\/logo.png","url":"\/logo.png","width":600,"height":60}},"image":{"@type":"ImageObject","@id":"https:\/\/www.selena.sk\/wp-content\/uploads\/img_a297309_w16729_t1551013186.jpg","url":"https:\/\/www.selena.sk\/wp-content\/uploads\/img_a297309_w16729_t1551013186.jpg","height":0,"width":0},"wordCount":527,"keywords":null},{"@type":"Article","@id":"https:\/\/www.selena.sk\/nespoliehajte-sa-na-kamaratov\/","headline":"Nespoliehajte sa na kamar\u00e1tov","url":"https:\/\/www.selena.sk\/nespoliehajte-sa-na-kamaratov\/","datePublished":"2018-12-24","dateModified":"2018-12-24","mainEntityOfPage":"https:\/\/www.selena.sk\/nespoliehajte-sa-na-kamaratov\/","author":{"@type":"Person","@id":"https:\/\/www.selena.sk\/author\/#Person","name":"","url":"https:\/\/www.selena.sk\/author\/","identifier":1,"image":{"@type":"ImageObject","@id":"https:\/\/secure.gravatar.com\/avatar\/774cfd57496a9f02284489749b4229073861faca9d8a66df7d65507a77c5d31f?s=96&d=mm&r=g","url":"https:\/\/secure.gravatar.com\/avatar\/774cfd57496a9f02284489749b4229073861faca9d8a66df7d65507a77c5d31f?s=96&d=mm&r=g","height":96,"width":96}},"publisher":{"@type":"Organization","name":"selena.sk","logo":{"@type":"ImageObject","@id":"\/logo.png","url":"\/logo.png","width":600,"height":60}},"image":{"@type":"ImageObject","@id":"https:\/\/www.selena.sk\/wp-content\/uploads\/img_a294837_w16475_t1545236811.jpg","url":"https:\/\/www.selena.sk\/wp-content\/uploads\/img_a294837_w16475_t1545236811.jpg","height":0,"width":0},"wordCount":532,"keywords":null},{"@type":"Article","@id":"https:\/\/www.selena.sk\/bolava-mudrost\/","headline":"Bo\u013eav\u00e1 m\u00fadros\u0165","url":"https:\/\/www.selena.sk\/bolava-mudrost\/","datePublished":"2018-11-21","dateModified":"2018-11-21","mainEntityOfPage":"https:\/\/www.selena.sk\/bolava-mudrost\/","author":{"@type":"Person","@id":"https:\/\/www.selena.sk\/author\/#Person","name":"","url":"https:\/\/www.selena.sk\/author\/","identifier":1,"image":{"@type":"ImageObject","@id":"https:\/\/secure.gravatar.com\/avatar\/774cfd57496a9f02284489749b4229073861faca9d8a66df7d65507a77c5d31f?s=96&d=mm&r=g","url":"https:\/\/secure.gravatar.com\/avatar\/774cfd57496a9f02284489749b4229073861faca9d8a66df7d65507a77c5d31f?s=96&d=mm&r=g","height":96,"width":96}},"publisher":{"@type":"Organization","name":"selena.sk","logo":{"@type":"ImageObject","@id":"\/logo.png","url":"\/logo.png","width":600,"height":60}},"image":{"@type":"ImageObject","@id":"https:\/\/www.selena.sk\/wp-content\/uploads\/img_a295878_w16634_t1548086203.jpg","url":"https:\/\/www.selena.sk\/wp-content\/uploads\/img_a295878_w16634_t1548086203.jpg","height":0,"width":0},"wordCount":577,"keywords":null},{"@type":"Article","@id":"https:\/\/www.selena.sk\/nadvaha-geneticky-problem-alebo-prejedanie-sa\/","headline":"Nadv\u00e1ha- genetick\u00fd probl\u00e9m, alebo prejedanie sa?","url":"https:\/\/www.selena.sk\/nadvaha-geneticky-problem-alebo-prejedanie-sa\/","datePublished":"2018-10-18","dateModified":"2018-10-18","mainEntityOfPage":"https:\/\/www.selena.sk\/nadvaha-geneticky-problem-alebo-prejedanie-sa\/","author":{"@type":"Person","@id":"https:\/\/www.selena.sk\/author\/#Person","name":"","url":"https:\/\/www.selena.sk\/author\/","identifier":1,"image":{"@type":"ImageObject","@id":"https:\/\/secure.gravatar.com\/avatar\/774cfd57496a9f02284489749b4229073861faca9d8a66df7d65507a77c5d31f?s=96&d=mm&r=g","url":"https:\/\/secure.gravatar.com\/avatar\/774cfd57496a9f02284489749b4229073861faca9d8a66df7d65507a77c5d31f?s=96&d=mm&r=g","height":96,"width":96}},"publisher":{"@type":"Organization","name":"selena.sk","logo":{"@type":"ImageObject","@id":"\/logo.png","url":"\/logo.png","width":600,"height":60}},"image":{"@type":"ImageObject","@id":"https:\/\/www.selena.sk\/wp-content\/uploads\/img_a292271_w16479_t1539956793.jpg","url":"https:\/\/www.selena.sk\/wp-content\/uploads\/img_a292271_w16479_t1539956793.jpg","height":0,"width":0},"wordCount":551,"keywords":null},{"@type":"Article","@id":"https:\/\/www.selena.sk\/liecba-a-prevencia-mocovej-inkontinencie-u-deti\/","headline":"Lie\u010dba a prevencia mo\u010dovej inkontinencie u det\u00ed","url":"https:\/\/www.selena.sk\/liecba-a-prevencia-mocovej-inkontinencie-u-deti\/","datePublished":"2018-09-09","dateModified":"2018-09-09","mainEntityOfPage":"https:\/\/www.selena.sk\/liecba-a-prevencia-mocovej-inkontinencie-u-deti\/","author":{"@type":"Person","@id":"https:\/\/www.selena.sk\/author\/#Person","name":"","url":"https:\/\/www.selena.sk\/author\/","identifier":1,"image":{"@type":"ImageObject","@id":"https:\/\/secure.gravatar.com\/avatar\/774cfd57496a9f02284489749b4229073861faca9d8a66df7d65507a77c5d31f?s=96&d=mm&r=g","url":"https:\/\/secure.gravatar.com\/avatar\/774cfd57496a9f02284489749b4229073861faca9d8a66df7d65507a77c5d31f?s=96&d=mm&r=g","height":96,"width":96}},"publisher":{"@type":"Organization","name":"selena.sk","logo":{"@type":"ImageObject","@id":"\/logo.png","url":"\/logo.png","width":600,"height":60}},"image":{"@type":"ImageObject","@id":"https:\/\/www.selena.sk\/wp-content\/uploads\/img_a293079_w16475_t1541779109.jpg","url":"https:\/\/www.selena.sk\/wp-content\/uploads\/img_a293079_w16475_t1541779109.jpg","height":0,"width":0},"wordCount":498,"keywords":null}]},{"@context":"https:\/\/schema.org","@type":"WebSite","@id":"https:\/\/www.selena.sk\/#website","name":"Selena","url":"https:\/\/www.selena.sk","potentialAction":{"@type":"SearchAction","target":"https:\/\/www.selena.sk\/?s={search_term_string}","query-input":"required name=search_term_string"}}]